{"id":869,"date":"2019-11-25T12:21:00","date_gmt":"2019-11-25T11:21:00","guid":{"rendered":"http:\/\/claracampoamor.eu\/?p=869"},"modified":"2019-12-24T12:51:29","modified_gmt":"2019-12-24T11:51:29","slug":"manifiesto-25-noviembre","status":"publish","type":"post","link":"https:\/\/claracampoamor.eu\/index.php\/2019\/11\/25\/manifiesto-25-noviembre\/","title":{"rendered":"Manifiesto 25 de Noviembre, D\u00eda Internacional de la Eliminaci\u00f3n de la Violencia contra la Mujer"},"content":{"rendered":"<p>Desde la Asociaci\u00f3n Clara Campoamor, nos sumamos a la visibilizaci\u00f3n de este d\u00eda como m\u00e9todo de denuncia y cr\u00edtica de la violencia estructural que sostiene el sistema patriarcal en el que vivimos y en el que sufrimos violencia, de forma reiterada, las mujeres y las ni\u00f1as de todo el mundo.<span class=\"Apple-converted-space\">\u00a0<\/span><\/p>\n<p>La violencia contra las mujeres y las ni\u00f1as es, ante todo, una violaci\u00f3n de los Derechos Humanos y as\u00ed lo reconoci\u00f3 Naciones Unidas, en 1993 y el Consejo de Europa en el Convenio de Estambul. Como cada a\u00f1o, en el 25 N, vemos imprescindible seguir resaltando el d\u00eda de hoy junto con la lucha que diariamente mantiene el movimiento feminista contra esta grave lacra social. En este preciso momento, nos encontramos inmersas en procesos como el juicio por el feminicidio de Diana Quer, el juicio contra 4 hombres pertenecientes al denominado grupo la Manada por el caso de Pozoblanco, el juicio contra los tres hombres futbolistas de la Arandina, hoy nuevamente han asesinado a una mujer de 26 a\u00f1os de edad en Tenerife, y donde existe una larga lista de atentados contra nuestras vidas y donde parece que hay<span class=\"Apple-converted-space\">\u00a0 <\/span>mucho inter\u00e9s en matar la verdad. Porque la violencia de g\u00e9nero no s\u00f3lo mata mujeres, mata la verdad. Parece que hay una nueva estrategia del sistema patriarcal que es intentar silenciar en el \u00e1mbito p\u00fablico la violencia contra las mujeres por medio de negar su existencia.<\/p>\n<p>Nuestro compromiso va a seguir siendo con y por las mujeres, ni\u00f1as<span class=\"Apple-converted-space\">\u00a0 <\/span>y ni\u00f1os que sufren violencia. Seguiremos luchando y acompa\u00f1ando a las v\u00edctimas. \u00c9ste nuestro compromiso.<\/p>\n<p>Pedimos a la sociedad que no permita ni un paso atr\u00e1s en el camino hacia una sociedad libre de violencia contra las mujeres. Pedimos una sociedad m\u00e1s justa e igualitaria. No queremos, ni podemos permitir seguir dejando en el camino mujeres, ni\u00f1os y ni\u00f1as porque mantengamos una sociedad enferma donde contin\u00faa d\u00e1ndose la violencia de g\u00e9nero.<\/p>\n<p>ASOCIACI\u00d3N CLARA CAMPOAMOR<\/p>\n","protected":false},"excerpt":{"rendered":"<p>Desde la Asociaci\u00f3n Clara Campoamor, nos sumamos a la visibilizaci\u00f3n de este d\u00eda como m\u00e9todo de denuncia y cr\u00edtica de la violencia estructural que sostiene el sistema patriarcal en el que vivimos y en el que sufrimos violencia, de forma reiterada, las mujeres y las ni\u00f1as de todo el mundo.\u00a0 La violencia contra las mujeres [&hellip;]<\/p>\n","protected":false},"author":1,"featured_media":870,"comment_status":"closed","ping_status":"closed","sticky":false,"template":"","format":"standard","meta":{"inline_featured_image":false,"footnotes":""},"categories":[5],"tags":[49,50],"_links":{"self":[{"href":"https:\/\/claracampoamor.eu\/index.php\/wp-json\/wp\/v2\/posts\/869"}],"collection":[{"href":"https:\/\/claracampoamor.eu\/index.php\/wp-json\/wp\/v2\/posts"}],"about":[{"href":"https:\/\/claracampoamor.eu\/index.php\/wp-json\/wp\/v2\/types\/post"}],"author":[{"embeddable":true,"href":"https:\/\/claracampoamor.eu\/index.php\/wp-json\/wp\/v2\/users\/1"}],"replies":[{"embeddable":true,"href":"https:\/\/claracampoamor.eu\/index.php\/wp-json\/wp\/v2\/comments?post=869"}],"version-history":[{"count":1,"href":"https:\/\/claracampoamor.eu\/index.php\/wp-json\/wp\/v2\/posts\/869\/revisions"}],"predecessor-version":[{"id":871,"href":"https:\/\/claracampoamor.eu\/index.php\/wp-json\/wp\/v2\/posts\/869\/revisions\/871"}],"wp:featuredmedia":[{"embeddable":true,"href":"https:\/\/claracampoamor.eu\/index.php\/wp-json\/wp\/v2\/media\/870"}],"wp:attachment":[{"href":"https:\/\/claracampoamor.eu\/index.php\/wp-json\/wp\/v2\/media?parent=869"}],"wp:term":[{"taxonomy":"category","embeddable":true,"href":"https:\/\/claracampoamor.eu\/index.php\/wp-json\/wp\/v2\/categories?post=869"},{"taxonomy":"post_tag","embeddable":true,"href":"https:\/\/claracampoamor.eu\/index.php\/wp-json\/wp\/v2\/tags?post=869"}],"curies":[{"name":"wp","href":"https:\/\/api.w.org\/{rel}","templated":true}]}}