{"id":1534,"date":"2023-04-26T18:59:27","date_gmt":"2023-04-26T16:59:27","guid":{"rendered":"https:\/\/claracampoamor.eu\/?p=1534"},"modified":"2023-04-26T19:03:17","modified_gmt":"2023-04-26T17:03:17","slug":"almeida-sentenciado-a-prision-permanente-revisable-por-el-caso-alex","status":"publish","type":"post","link":"https:\/\/claracampoamor.eu\/index.php\/2023\/04\/26\/almeida-sentenciado-a-prision-permanente-revisable-por-el-caso-alex\/","title":{"rendered":"Almeida sentenciado a prisi\u00f3n permanente revisable por el \u2018Caso \u00c1lex\u2019"},"content":{"rendered":"<h1 class=\"post-title left entry-title\">Almeida sentenciado a prisi\u00f3n permanente revisable por el \u2018Caso \u00c1lex\u2019<\/h1>\n<p>El Magistrado Presidente del Tribunal del Jurado que enjuici\u00f3 el crimen del ni\u00f1o \u00c1lex condena en su sentencia a la pena de prisi\u00f3n permanente revisable a Francisco Javier Almeida como autor de un delito de asesinato y a 15 a\u00f1os de prisi\u00f3n por un delito de agresi\u00f3n sexual. Tambi\u00e9n se le impone a prohibici\u00f3n de residir en La Rioja y prohibici\u00f3n de comunicaci\u00f3n o aproximaci\u00f3n a los padres y hermano de \u00c1lex por tiempo de 10 a\u00f1os tras cumplir el tiempo en prisi\u00f3n.<\/p>\n<p>El pasado 30 de marzo y despu\u00e9s de siete de d\u00edas de juicio, el tribunal del jurado declar\u00f3 culpable por unanimidad a Almeida de ambos delitos, asesinato y agresi\u00f3n sexual. Ahora el Magistrado de la Audiencia Provincial en su resoluci\u00f3n&#8230;<\/p>\n<p class=\"h1 headline-article__head\">Pulsa en este <a href=\"https:\/\/nuevecuatrouno.com\/2023\/04\/18\/crimen-lardero-caso-alex-sentencia-almeida-prision-permanente-revisable\/\" target=\"_blank\" rel=\"noopener\">enlace<\/a>\u00a0para leer la noticia completa en Nuevecuatrouno<\/p>\n","protected":false},"excerpt":{"rendered":"<p>El Magistrado Presidente del Tribunal del Jurado que enjuici\u00f3 el crimen del ni\u00f1o \u00c1lex condena en su sentencia a la pena de prisi\u00f3n permanente revisable a Francisco Javier Almeida como autor de un delito de asesinato y a 15 a\u00f1os de prisi\u00f3n por un delito de agresi\u00f3n sexual<\/p>\n","protected":false},"author":1,"featured_media":1500,"comment_status":"closed","ping_status":"closed","sticky":false,"template":"","format":"standard","meta":{"inline_featured_image":false,"footnotes":""},"categories":[4,79,8],"tags":[105,106],"_links":{"self":[{"href":"https:\/\/claracampoamor.eu\/index.php\/wp-json\/wp\/v2\/posts\/1534"}],"collection":[{"href":"https:\/\/claracampoamor.eu\/index.php\/wp-json\/wp\/v2\/posts"}],"about":[{"href":"https:\/\/claracampoamor.eu\/index.php\/wp-json\/wp\/v2\/types\/post"}],"author":[{"embeddable":true,"href":"https:\/\/claracampoamor.eu\/index.php\/wp-json\/wp\/v2\/users\/1"}],"replies":[{"embeddable":true,"href":"https:\/\/claracampoamor.eu\/index.php\/wp-json\/wp\/v2\/comments?post=1534"}],"version-history":[{"count":2,"href":"https:\/\/claracampoamor.eu\/index.php\/wp-json\/wp\/v2\/posts\/1534\/revisions"}],"predecessor-version":[{"id":1536,"href":"https:\/\/claracampoamor.eu\/index.php\/wp-json\/wp\/v2\/posts\/1534\/revisions\/1536"}],"wp:featuredmedia":[{"embeddable":true,"href":"https:\/\/claracampoamor.eu\/index.php\/wp-json\/wp\/v2\/media\/1500"}],"wp:attachment":[{"href":"https:\/\/claracampoamor.eu\/index.php\/wp-json\/wp\/v2\/media?parent=1534"}],"wp:term":[{"taxonomy":"category","embeddable":true,"href":"https:\/\/claracampoamor.eu\/index.php\/wp-json\/wp\/v2\/categories?post=1534"},{"taxonomy":"post_tag","embeddable":true,"href":"https:\/\/claracampoamor.eu\/index.php\/wp-json\/wp\/v2\/tags?post=1534"}],"curies":[{"name":"wp","href":"https:\/\/api.w.org\/{rel}","templated":true}]}}